{"id":9683,"date":"2022-05-11T16:16:20","date_gmt":"2022-05-11T19:16:20","guid":{"rendered":"https:\/\/jasminealimentos.com\/pro\/?p=9683"},"modified":"2022-06-02T14:26:21","modified_gmt":"2022-06-02T17:26:21","slug":"a-sinergia-da-fibra-alimentar-no-intestino-e-seu-impacto-na-saude-humana","status":"publish","type":"post","link":"https:\/\/jasminealimentos.com\/pro\/a-sinergia-da-fibra-alimentar-no-intestino-e-seu-impacto-na-saude-humana\/","title":{"rendered":"A sinergia da fibra alimentar no intestino e seu impacto na sa\u00fade humana."},"content":{"rendered":"\t\t<div data-elementor-type=\"wp-post\" data-elementor-id=\"9683\" class=\"elementor elementor-9683\" data-elementor-post-type=\"post\">\n\t\t\t\t\t\t<section class=\"has_eae_slider elementor-section elementor-top-section elementor-element elementor-element-e46254a elementor-section-boxed elementor-section-height-default elementor-section-height-default\" data-id=\"e46254a\" data-element_type=\"section\">\n\t\t\t\t\t\t<div class=\"elementor-container elementor-column-gap-default\">\n\t\t\t\t\t<div class=\"has_eae_slider elementor-column elementor-col-100 elementor-top-column elementor-element elementor-element-5b2fe956\" data-id=\"5b2fe956\" data-element_type=\"column\">\n\t\t\t<div class=\"elementor-widget-wrap elementor-element-populated\">\n\t\t\t\t\t\t<div class=\"elementor-element elementor-element-7900b5f1 elementor-widget elementor-widget-text-editor\" data-id=\"7900b5f1\" data-element_type=\"widget\" data-widget_type=\"text-editor.default\">\n\t\t\t\t<div class=\"elementor-widget-container\">\n\t\t\t\t\t\t\t\t\t<p>A fibra alimentar auxilia no aumento do volume das fezes e a frequ\u00eancia dos movimentos intestinais. A <a href=\"https:\/\/www.jasminealimentos.com\/produtos\/sem-gluten\/aveia-em-flocos-grossos-suply-sem-gluten\/\">aveia<\/a>, por exemplo, \u00e9 um alimento com alto teor de fibra sol\u00favel denominada beta-glucana, a qual permite que as fezes absorvam \u00e1gua, formem solu\u00e7\u00f5es viscosas e melhorem a consist\u00eancia; contribuindo para preven\u00e7\u00e3o da constipa\u00e7\u00e3o e de outras doen\u00e7as relacionadas ao c\u00f3lon e ao reto, como c\u00e2ncer colorretal. (GUAN; YU; FENG, 2021; BRASIL, 2021).<\/p><p>Segundo dados do Instituto Nacional do C\u00e2ncer (INCA), os tumores em c\u00f3lon e reto s\u00e3o os terceiros mais frequentes do pa\u00eds, acometendo cerca de 40 mil pessoas por ano, sendo que, de 50 a 75% dos casos de c\u00e2ncer colorretal podem ser prevenidos com a ado\u00e7\u00e3o do estilo de vida saud\u00e1vel (BRASIL, 2021).<\/p><p>\u00a0<\/p>\t\t\t\t\t\t\t\t<\/div>\n\t\t\t\t<\/div>\n\t\t\t\t\t<\/div>\n\t\t<\/div>\n\t\t\t\t\t<\/div>\n\t\t<\/section>\n\t\t\t\t<section class=\"has_eae_slider elementor-section elementor-top-section elementor-element elementor-element-c9a7877 elementor-section-boxed elementor-section-height-default elementor-section-height-default\" data-id=\"c9a7877\" data-element_type=\"section\">\n\t\t\t\t\t\t<div class=\"elementor-container elementor-column-gap-default\">\n\t\t\t\t\t<div class=\"has_eae_slider elementor-column elementor-col-100 elementor-top-column elementor-element elementor-element-9ae3a38\" data-id=\"9ae3a38\" data-element_type=\"column\">\n\t\t\t<div class=\"elementor-widget-wrap elementor-element-populated\">\n\t\t\t\t\t\t<div class=\"elementor-element elementor-element-6030c66 elementor-widget elementor-widget-heading\" data-id=\"6030c66\" data-element_type=\"widget\" data-widget_type=\"heading.default\">\n\t\t\t\t<div class=\"elementor-widget-container\">\n\t\t\t\t\t<div class=\"elementor-heading-title elementor-size-default\">Cadastre-se gr\u00e1tis!<\/div>\t\t\t\t<\/div>\n\t\t\t\t<\/div>\n\t\t\t\t<div class=\"elementor-element elementor-element-8ad408e elementor-widget elementor-widget-heading\" data-id=\"8ad408e\" data-element_type=\"widget\" data-widget_type=\"heading.default\">\n\t\t\t\t<div class=\"elementor-widget-container\">\n\t\t\t\t\t<div class=\"elementor-heading-title elementor-size-default\">Tenha acesso a este conte\u00fado completo e muito mais!<\/div>\t\t\t\t<\/div>\n\t\t\t\t<\/div>\n\t\t\t\t<div class=\"elementor-element elementor-element-fc76542 elementor-align-center elementor-widget elementor-widget-button\" data-id=\"fc76542\" data-element_type=\"widget\" data-widget_type=\"button.default\">\n\t\t\t\t<div class=\"elementor-widget-container\">\n\t\t\t\t\t\t\t\t\t<div class=\"elementor-button-wrapper\">\n\t\t\t\t\t<a class=\"elementor-button elementor-button-link elementor-size-sm\" href=\"https:\/\/jasminealimentos.com\/pro\/cadastre-se\/\">\n\t\t\t\t\t\t<span class=\"elementor-button-content-wrapper\">\n\t\t\t\t\t\t\t\t\t<span class=\"elementor-button-text\">CADASTRAR<\/span>\n\t\t\t\t\t<\/span>\n\t\t\t\t\t<\/a>\n\t\t\t\t<\/div>\n\t\t\t\t\t\t\t\t<\/div>\n\t\t\t\t<\/div>\n\t\t\t\t\t<\/div>\n\t\t<\/div>\n\t\t\t\t\t<\/div>\n\t\t<\/section>\n\t\t\t\t<section class=\"has_eae_slider elementor-section elementor-top-section elementor-element elementor-element-5d3c3c71 elementor-section-boxed elementor-section-height-default elementor-section-height-default\" data-id=\"5d3c3c71\" data-element_type=\"section\">\n\t\t\t\t\t\t<div class=\"elementor-container elementor-column-gap-default\">\n\t\t\t\t\t<div class=\"has_eae_slider elementor-column elementor-col-33 elementor-top-column elementor-element elementor-element-25c4379f\" data-id=\"25c4379f\" data-element_type=\"column\">\n\t\t\t<div class=\"elementor-widget-wrap\">\n\t\t\t\t\t\t\t<\/div>\n\t\t<\/div>\n\t\t\t\t<div class=\"has_eae_slider elementor-column elementor-col-33 elementor-top-column elementor-element elementor-element-375b83fd\" data-id=\"375b83fd\" data-element_type=\"column\">\n\t\t\t<div class=\"elementor-widget-wrap elementor-element-populated\">\n\t\t\t\t\t\t<div data-dce-advanced-background-color=\"#A847D0\" class=\"elementor-element elementor-element-a8e0b64 e-transform elementor-widget elementor-widget-heading\" data-id=\"a8e0b64\" data-element_type=\"widget\" data-settings=\"{&quot;_transform_skewX_effect&quot;:{&quot;unit&quot;:&quot;px&quot;,&quot;size&quot;:-10,&quot;sizes&quot;:[]},&quot;_transform_skewX_effect_tablet&quot;:{&quot;unit&quot;:&quot;deg&quot;,&quot;size&quot;:&quot;&quot;,&quot;sizes&quot;:[]},&quot;_transform_skewX_effect_mobile&quot;:{&quot;unit&quot;:&quot;deg&quot;,&quot;size&quot;:&quot;&quot;,&quot;sizes&quot;:[]},&quot;_transform_skewY_effect&quot;:{&quot;unit&quot;:&quot;px&quot;,&quot;size&quot;:&quot;&quot;,&quot;sizes&quot;:[]},&quot;_transform_skewY_effect_tablet&quot;:{&quot;unit&quot;:&quot;deg&quot;,&quot;size&quot;:&quot;&quot;,&quot;sizes&quot;:[]},&quot;_transform_skewY_effect_mobile&quot;:{&quot;unit&quot;:&quot;deg&quot;,&quot;size&quot;:&quot;&quot;,&quot;sizes&quot;:[]}}\" data-widget_type=\"heading.default\">\n\t\t\t\t<div class=\"elementor-widget-container\">\n\t\t\t\t\t<h2 class=\"elementor-heading-title elementor-size-default\">A FIBRA ALIMENTAR NA SA\u00daDE HUMANA <\/h2>\t\t\t\t<\/div>\n\t\t\t\t<\/div>\n\t\t\t\t\t<\/div>\n\t\t<\/div>\n\t\t\t\t<div class=\"has_eae_slider elementor-column elementor-col-33 elementor-top-column elementor-element elementor-element-41770b0b\" data-id=\"41770b0b\" data-element_type=\"column\">\n\t\t\t<div class=\"elementor-widget-wrap\">\n\t\t\t\t\t\t\t<\/div>\n\t\t<\/div>\n\t\t\t\t\t<\/div>\n\t\t<\/section>\n\t\t\t\t<section class=\"has_eae_slider elementor-section elementor-top-section elementor-element elementor-element-5c6f0a8b elementor-section-boxed elementor-section-height-default elementor-section-height-default\" data-id=\"5c6f0a8b\" data-element_type=\"section\">\n\t\t\t\t\t\t<div class=\"elementor-container elementor-column-gap-default\">\n\t\t\t\t\t<div class=\"has_eae_slider elementor-column elementor-col-100 elementor-top-column elementor-element elementor-element-3bffdd81\" data-id=\"3bffdd81\" data-element_type=\"column\">\n\t\t\t<div class=\"elementor-widget-wrap elementor-element-populated\">\n\t\t\t\t\t\t<div class=\"elementor-element elementor-element-5b7a2b60 elementor-widget elementor-widget-text-editor\" data-id=\"5b7a2b60\" data-element_type=\"widget\" data-widget_type=\"text-editor.default\">\n\t\t\t\t<div class=\"elementor-widget-container\">\n\t\t\t\t\t\t\t\t\tAl\u00e9m da fibra sol\u00favel, existe tamb\u00e9m a fibra insol\u00favel, que \u00e9 a <span class= marcatexto>principal componente estrutural das paredes celulares das plantas<\/span> e \u00e9 respons\u00e1vel, principalmente, por dar volume no material fecal (GUAN; YU; FENG, 2021).\t\t\t\t\t\t\t\t<\/div>\n\t\t\t\t<\/div>\n\t\t\t\t\t<\/div>\n\t\t<\/div>\n\t\t\t\t\t<\/div>\n\t\t<\/section>\n\t\t\t\t<section class=\"has_eae_slider elementor-section elementor-top-section elementor-element elementor-element-2fc3770d elementor-section-boxed elementor-section-height-default elementor-section-height-default\" data-id=\"2fc3770d\" data-element_type=\"section\">\n\t\t\t\t\t\t<div class=\"elementor-container elementor-column-gap-default\">\n\t\t\t\t\t<div class=\"has_eae_slider elementor-column elementor-col-100 elementor-top-column elementor-element elementor-element-b5d71b0\" data-id=\"b5d71b0\" data-element_type=\"column\">\n\t\t\t<div class=\"elementor-widget-wrap elementor-element-populated\">\n\t\t\t\t\t\t<div class=\"elementor-element elementor-element-3b375e4d elementor-position-right elementor-vertical-align-middle dce_masking-none elementor-widget elementor-widget-image-box\" data-id=\"3b375e4d\" data-element_type=\"widget\" data-widget_type=\"image-box.default\">\n\t\t\t\t<div class=\"elementor-widget-container\">\n\t\t\t\t\t<div class=\"elementor-image-box-wrapper\"><figure class=\"elementor-image-box-img\"><img fetchpriority=\"high\" decoding=\"async\" width=\"980\" height=\"665\" src=\"https:\/\/jasminealimentos.com\/pro\/wp-content\/uploads\/2022\/05\/banner-06.jpg\" class=\"attachment-full size-full wp-image-9686\" alt=\"\" srcset=\"https:\/\/jasminealimentos.com\/pro\/wp-content\/uploads\/2022\/05\/banner-06.jpg 980w, https:\/\/jasminealimentos.com\/pro\/wp-content\/uploads\/2022\/05\/banner-06-600x407.jpg 600w, https:\/\/jasminealimentos.com\/pro\/wp-content\/uploads\/2022\/05\/banner-06-300x204.jpg 300w, https:\/\/jasminealimentos.com\/pro\/wp-content\/uploads\/2022\/05\/banner-06-768x521.jpg 768w\" sizes=\"(max-width: 980px) 100vw, 980px\" \/><\/figure><div class=\"elementor-image-box-content\"><p class=\"elementor-image-box-description\"><span style=\"color: rgb(116, 116, 116); font-weight: 400; text-align: start; white-space: normal;\">A literatura aponta que o consumo de fibras, tanto sol\u00faveis como insol\u00faveis, serve de substrato para as bact\u00e9rias intestinais, contribuindo para a abund\u00e2ncia e diversidade da microbiota intestinal.&nbsp;<\/span><span class=\"marcatexto\" style=\"color: rgb(116, 116, 116); font-weight: 400; text-align: start; white-space: normal;\">Essa microbiota saud\u00e1vel produz metab\u00f3litos ben\u00e9ficos para sa\u00fade humana,<\/span><span style=\"color: rgb(116, 116, 116); font-weight: 400; text-align: start; white-space: normal;\">&nbsp;como os \u00c1cidos Graxos de Cadeia Curta (AGCC), os quais est\u00e3o relacionados com a redu\u00e7\u00e3o do risco de doen\u00e7as gastrointestinais, como S\u00edndrome do Intestino Irrit\u00e1vel (SII), Doen\u00e7a Inflamat\u00f3ria Intestinal (DII), diverticulite, constipa\u00e7\u00e3o, entre outras (GUAN; YU; FENG, 2021).<\/span><\/p><\/div><\/div>\t\t\t\t<\/div>\n\t\t\t\t<\/div>\n\t\t\t\t\t<\/div>\n\t\t<\/div>\n\t\t\t\t\t<\/div>\n\t\t<\/section>\n\t\t\t\t<section class=\"has_eae_slider elementor-section elementor-top-section elementor-element elementor-element-ad4cb95 elementor-section-boxed elementor-section-height-default elementor-section-height-default\" data-id=\"ad4cb95\" data-element_type=\"section\">\n\t\t\t\t\t\t<div class=\"elementor-container elementor-column-gap-default\">\n\t\t\t\t\t<div class=\"has_eae_slider elementor-column elementor-col-100 elementor-top-column elementor-element elementor-element-cdbf447\" data-id=\"cdbf447\" data-element_type=\"column\">\n\t\t\t<div class=\"elementor-widget-wrap elementor-element-populated\">\n\t\t\t\t\t\t<div data-dce-advanced-background-color=\"#A847D0\" class=\"elementor-element elementor-element-928432e elementor-widget elementor-widget-text-editor\" data-id=\"928432e\" data-element_type=\"widget\" data-widget_type=\"text-editor.default\">\n\t\t\t\t<div class=\"elementor-widget-container\">\n\t\t\t\t\t\t\t\t\t<p><a href=\"https:\/\/pubmed.ncbi.nlm.nih.gov\/32004499\/\"><strong><span style=\"color: #ffffff;\">Deehan et al (2020)<\/span><\/strong><\/a> relata em seu estudo que todos os alimentos de origem vegetal fornecem uma variedade de fibras \u00e0 microbiota intestinal que molda favoravelmente o metabolismo. Estes incluem polissacar\u00eddeos, oligossacar\u00eddeos e amidos resistentes; estando presentes em alimentos como <strong>verduras, <span style=\"color: #ffffff;\"><a style=\"color: #ffffff;\" href=\"https:\/\/www.jasminealimentos.com\/produtos\/sem-gluten\/aveia-em-flocos-finos-suply\/\">aveia<\/a>,<\/span> legumes, <span style=\"color: #ffffff;\"><a style=\"color: #ffffff;\" href=\"https:\/\/www.jasminealimentos.com\/produtos\/integral\/chia\/\">chia<\/a>,<\/span> frutas, <span style=\"color: #ffffff;\"><a style=\"color: #ffffff;\" href=\"https:\/\/www.jasminealimentos.com\/produtos\/integral\/linhaca-dourada-em-graos-2\/\">linha\u00e7a<\/a><\/span> e <span style=\"color: #ffffff;\"><a style=\"color: #ffffff;\" href=\"https:\/\/www.jasminealimentos.com\/produtos\/organico\/quinoa-real-em-graos\/\">quinoa<\/a>.<\/span><\/strong><\/p>\t\t\t\t\t\t\t\t<\/div>\n\t\t\t\t<\/div>\n\t\t\t\t\t<\/div>\n\t\t<\/div>\n\t\t\t\t\t<\/div>\n\t\t<\/section>\n\t\t\t\t<section class=\"has_eae_slider elementor-section elementor-top-section elementor-element elementor-element-506d5e39 elementor-section-boxed elementor-section-height-default elementor-section-height-default\" data-id=\"506d5e39\" data-element_type=\"section\">\n\t\t\t\t\t\t<div class=\"elementor-container elementor-column-gap-default\">\n\t\t\t\t\t<div class=\"has_eae_slider elementor-column elementor-col-100 elementor-top-column elementor-element elementor-element-3b49a857\" data-id=\"3b49a857\" data-element_type=\"column\">\n\t\t\t<div class=\"elementor-widget-wrap elementor-element-populated\">\n\t\t\t\t\t\t<div class=\"elementor-element elementor-element-4669e10b elementor-position-left elementor-vertical-align-middle dce_masking-none elementor-widget elementor-widget-image-box\" data-id=\"4669e10b\" data-element_type=\"widget\" data-widget_type=\"image-box.default\">\n\t\t\t\t<div class=\"elementor-widget-container\">\n\t\t\t\t\t<div class=\"elementor-image-box-wrapper\"><figure class=\"elementor-image-box-img\"><img decoding=\"async\" width=\"980\" height=\"665\" src=\"https:\/\/jasminealimentos.com\/pro\/wp-content\/uploads\/2022\/05\/banner-07.jpg\" class=\"attachment-full size-full wp-image-9690\" alt=\"\" srcset=\"https:\/\/jasminealimentos.com\/pro\/wp-content\/uploads\/2022\/05\/banner-07.jpg 980w, https:\/\/jasminealimentos.com\/pro\/wp-content\/uploads\/2022\/05\/banner-07-600x407.jpg 600w, https:\/\/jasminealimentos.com\/pro\/wp-content\/uploads\/2022\/05\/banner-07-300x204.jpg 300w, https:\/\/jasminealimentos.com\/pro\/wp-content\/uploads\/2022\/05\/banner-07-768x521.jpg 768w\" sizes=\"(max-width: 980px) 100vw, 980px\" \/><\/figure><div class=\"elementor-image-box-content\"><h3 class=\"elementor-image-box-title\">RECOMENDA\u00c7\u00d5ES DI\u00c1RIAS DE FIBRAS <\/h3><p class=\"elementor-image-box-description\">A Organiza\u00e7\u00e3o Mundial da Sa\u00fade (OMS) recomenda a ingest\u00e3o de 25g de fibra alimentar diariamente e alguns pa\u00edses orientam o consumo de 25 a 30g, entretanto, \u00e9 comum que, apesar de haver ingest\u00e3o de fibras, as pessoas n\u00e3o atinjam as quantidades m\u00ednimas recomendadas (GUAN; YU; FENG, 2021).<\/p><\/div><\/div>\t\t\t\t<\/div>\n\t\t\t\t<\/div>\n\t\t\t\t\t<\/div>\n\t\t<\/div>\n\t\t\t\t\t<\/div>\n\t\t<\/section>\n\t\t\t\t<section class=\"has_eae_slider elementor-section elementor-top-section elementor-element elementor-element-b044970 elementor-section-boxed elementor-section-height-default elementor-section-height-default\" data-id=\"b044970\" data-element_type=\"section\">\n\t\t\t\t\t\t<div class=\"elementor-container elementor-column-gap-default\">\n\t\t\t\t\t<div class=\"has_eae_slider elementor-column elementor-col-33 elementor-top-column elementor-element elementor-element-3821738\" data-id=\"3821738\" data-element_type=\"column\">\n\t\t\t<div class=\"elementor-widget-wrap\">\n\t\t\t\t\t\t\t<\/div>\n\t\t<\/div>\n\t\t\t\t<div class=\"has_eae_slider elementor-column elementor-col-33 elementor-top-column elementor-element elementor-element-779ec9f\" data-id=\"779ec9f\" data-element_type=\"column\">\n\t\t\t<div class=\"elementor-widget-wrap elementor-element-populated\">\n\t\t\t\t\t\t<div data-dce-advanced-background-color=\"#7BC24A\" class=\"elementor-element elementor-element-b8338be e-transform elementor-widget elementor-widget-heading\" data-id=\"b8338be\" data-element_type=\"widget\" data-settings=\"{&quot;_transform_skewX_effect&quot;:{&quot;unit&quot;:&quot;px&quot;,&quot;size&quot;:-10,&quot;sizes&quot;:[]},&quot;_transform_skewX_effect_tablet&quot;:{&quot;unit&quot;:&quot;deg&quot;,&quot;size&quot;:&quot;&quot;,&quot;sizes&quot;:[]},&quot;_transform_skewX_effect_mobile&quot;:{&quot;unit&quot;:&quot;deg&quot;,&quot;size&quot;:&quot;&quot;,&quot;sizes&quot;:[]},&quot;_transform_skewY_effect&quot;:{&quot;unit&quot;:&quot;px&quot;,&quot;size&quot;:&quot;&quot;,&quot;sizes&quot;:[]},&quot;_transform_skewY_effect_tablet&quot;:{&quot;unit&quot;:&quot;deg&quot;,&quot;size&quot;:&quot;&quot;,&quot;sizes&quot;:[]},&quot;_transform_skewY_effect_mobile&quot;:{&quot;unit&quot;:&quot;deg&quot;,&quot;size&quot;:&quot;&quot;,&quot;sizes&quot;:[]}}\" data-widget_type=\"heading.default\">\n\t\t\t\t<div class=\"elementor-widget-container\">\n\t\t\t\t\t<h2 class=\"elementor-heading-title elementor-size-default\">EFEITO DA BETA-GLUCANA NO METABOLISMO <\/h2>\t\t\t\t<\/div>\n\t\t\t\t<\/div>\n\t\t\t\t\t<\/div>\n\t\t<\/div>\n\t\t\t\t<div class=\"has_eae_slider elementor-column elementor-col-33 elementor-top-column elementor-element elementor-element-0269519\" data-id=\"0269519\" data-element_type=\"column\">\n\t\t\t<div class=\"elementor-widget-wrap\">\n\t\t\t\t\t\t\t<\/div>\n\t\t<\/div>\n\t\t\t\t\t<\/div>\n\t\t<\/section>\n\t\t\t\t<section class=\"has_eae_slider elementor-section elementor-top-section elementor-element elementor-element-1646c08 elementor-section-boxed elementor-section-height-default elementor-section-height-default\" data-id=\"1646c08\" data-element_type=\"section\">\n\t\t\t\t\t\t<div class=\"elementor-container elementor-column-gap-default\">\n\t\t\t\t\t<div class=\"has_eae_slider elementor-column elementor-col-100 elementor-top-column elementor-element elementor-element-5f12b8b\" data-id=\"5f12b8b\" data-element_type=\"column\">\n\t\t\t<div class=\"elementor-widget-wrap elementor-element-populated\">\n\t\t\t\t\t\t<div class=\"elementor-element elementor-element-2cbb10c elementor-widget elementor-widget-text-editor\" data-id=\"2cbb10c\" data-element_type=\"widget\" data-widget_type=\"text-editor.default\">\n\t\t\t\t<div class=\"elementor-widget-container\">\n\t\t\t\t\t\t\t\t\tNo intestino delgado, a beta-glucana aumenta a viscosidade e reduz a absor\u00e7\u00e3o de \u00e1cidos biliares que, por sua vez, reduzem os n\u00edveis circulantes de colesterol (EVANS, 2019).\n\nEm rela\u00e7\u00e3o aos a\u00e7\u00facares, a beta-glucana atua de forma semelhante, <span class= marcatexto2> formando uma barreira viscosa <\/span>e deixando a libera\u00e7\u00e3o de glicose na corrente sangu\u00ednea mais devagar. Al\u00e9m disso, inibe a a\u00e7\u00e3o da amilase, reduzindo sua atividade, a absor\u00e7\u00e3o de amido e melhorando \u00e0 sensibilidade a insulina (EVANS, 2019).\n\nNo que se trata de saciedade, as fibras sol\u00faveis misturam-se com alimentos parcialmente digeridos no est\u00f4mago, retardando seu esvaziamento, contribuindo com a saciedade e com o controle da ingest\u00e3o alimentar. Al\u00e9m disso, tamb\u00e9m liberam inibidores de apetite, como colecistocinina, colaborando para a perda de peso (EVANS, 2019; DEEHAN et al, 2020).\n\nTais efeitos s\u00e3o vistos com o <span class= marcatexto2> consumo di\u00e1rio de 3g de beta-glucana,<\/span> por essa raz\u00e3o, a inclus\u00e3o de alimentos fontes, como a aveia, pode colaborar de forma multifatorial com a sa\u00fade do seu paciente (EVANS, 2019).\t\t\t\t\t\t\t\t<\/div>\n\t\t\t\t<\/div>\n\t\t\t\t\t<\/div>\n\t\t<\/div>\n\t\t\t\t\t<\/div>\n\t\t<\/section>\n\t\t\t\t<section class=\"has_eae_slider elementor-section elementor-top-section elementor-element elementor-element-777e6470 elementor-section-boxed elementor-section-height-default elementor-section-height-default\" data-id=\"777e6470\" data-element_type=\"section\">\n\t\t\t\t\t\t<div class=\"elementor-container elementor-column-gap-default\">\n\t\t\t\t\t<div class=\"has_eae_slider elementor-column elementor-col-100 elementor-top-column elementor-element elementor-element-678deec3\" data-id=\"678deec3\" data-element_type=\"column\">\n\t\t\t<div class=\"elementor-widget-wrap elementor-element-populated\">\n\t\t\t\t\t\t<div class=\"elementor-element elementor-element-35ef5f04 elementor-align-justify elementor-widget elementor-widget-button\" data-id=\"35ef5f04\" data-element_type=\"widget\" data-widget_type=\"button.default\">\n\t\t\t\t<div class=\"elementor-widget-container\">\n\t\t\t\t\t\t\t\t\t<div class=\"elementor-button-wrapper\">\n\t\t\t\t\t<a class=\"elementor-button elementor-button-link elementor-size-xl\" href=\"#\">\n\t\t\t\t\t\t<span class=\"elementor-button-content-wrapper\">\n\t\t\t\t\t\t\t\t\t<span class=\"elementor-button-text\">A Jasmine Alimentos possui a Aveia Sem Gl\u00faten Em Flocos Grossos e a Aveia Sem Gl\u00faten Em Flocos Finos, al\u00e9m de uma linha completa de produtos sem gl\u00faten feitos com ingredientes e seguran\u00e7a em todos os processos para n\u00e3o ter contamina\u00e7\u00e3o cruzada, podendo ser utilizadas por pessoas que possuem restri\u00e7\u00e3o ao gl\u00faten, seja por op\u00e7\u00e3o ou condi\u00e7\u00e3o cl\u00ednica.<\/span>\n\t\t\t\t\t<\/span>\n\t\t\t\t\t<\/a>\n\t\t\t\t<\/div>\n\t\t\t\t\t\t\t\t<\/div>\n\t\t\t\t<\/div>\n\t\t\t\t\t<\/div>\n\t\t<\/div>\n\t\t\t\t\t<\/div>\n\t\t<\/section>\n\t\t\t\t<section class=\"has_eae_slider elementor-section elementor-top-section elementor-element elementor-element-fc936ca elementor-section-boxed elementor-section-height-default elementor-section-height-default\" data-id=\"fc936ca\" data-element_type=\"section\">\n\t\t\t\t\t\t<div class=\"elementor-container elementor-column-gap-default\">\n\t\t\t\t\t<div class=\"has_eae_slider elementor-column elementor-col-100 elementor-top-column elementor-element elementor-element-f5d7f15\" data-id=\"f5d7f15\" data-element_type=\"column\">\n\t\t\t<div class=\"elementor-widget-wrap elementor-element-populated\">\n\t\t\t\t\t\t<div class=\"elementor-element elementor-element-b32bf73 elementor-widget elementor-widget-text-editor\" data-id=\"b32bf73\" data-element_type=\"widget\" data-widget_type=\"text-editor.default\">\n\t\t\t\t<div class=\"elementor-widget-container\">\n\t\t\t\t\t\t\t\t\t<p>Tamb\u00e9m s\u00e3o encontradas aveias nas vers\u00f5es de <span style=\"color: #808080;\"><a style=\"color: #808080;\" href=\"https:\/\/www.jasminealimentos.com\/produtos\/integral\/aveia-em-flocos-finos\/\">400g<\/a><\/span> e em <span style=\"color: #808080;\"><a style=\"color: #808080;\" href=\"https:\/\/www.jasminealimentos.com\/produtos\/integral\">170g<\/a>,<\/span> sendo poss\u00edvel atender diversas necessidades de consumo!<\/p>\t\t\t\t\t\t\t\t<\/div>\n\t\t\t\t<\/div>\n\t\t\t\t\t<\/div>\n\t\t<\/div>\n\t\t\t\t\t<\/div>\n\t\t<\/section>\n\t\t\t\t<section class=\"has_eae_slider elementor-section elementor-top-section elementor-element elementor-element-609be74e elementor-section-boxed elementor-section-height-default elementor-section-height-default\" data-id=\"609be74e\" data-element_type=\"section\">\n\t\t\t\t\t\t<div class=\"elementor-container elementor-column-gap-default\">\n\t\t\t\t\t<div class=\"has_eae_slider elementor-column elementor-col-33 elementor-top-column elementor-element elementor-element-2d8df23a\" data-id=\"2d8df23a\" data-element_type=\"column\">\n\t\t\t<div class=\"elementor-widget-wrap\">\n\t\t\t\t\t\t\t<\/div>\n\t\t<\/div>\n\t\t\t\t<div class=\"has_eae_slider elementor-column elementor-col-33 elementor-top-column elementor-element elementor-element-5d6d360d\" data-id=\"5d6d360d\" data-element_type=\"column\">\n\t\t\t<div class=\"elementor-widget-wrap elementor-element-populated\">\n\t\t\t\t\t\t<div data-dce-advanced-background-color=\"#E23C4B\" class=\"elementor-element elementor-element-6a59d912 e-transform elementor-widget elementor-widget-heading\" data-id=\"6a59d912\" data-element_type=\"widget\" data-settings=\"{&quot;_transform_skewX_effect&quot;:{&quot;unit&quot;:&quot;px&quot;,&quot;size&quot;:-10,&quot;sizes&quot;:[]},&quot;_transform_skewX_effect_tablet&quot;:{&quot;unit&quot;:&quot;deg&quot;,&quot;size&quot;:&quot;&quot;,&quot;sizes&quot;:[]},&quot;_transform_skewX_effect_mobile&quot;:{&quot;unit&quot;:&quot;deg&quot;,&quot;size&quot;:&quot;&quot;,&quot;sizes&quot;:[]},&quot;_transform_skewY_effect&quot;:{&quot;unit&quot;:&quot;px&quot;,&quot;size&quot;:&quot;&quot;,&quot;sizes&quot;:[]},&quot;_transform_skewY_effect_tablet&quot;:{&quot;unit&quot;:&quot;deg&quot;,&quot;size&quot;:&quot;&quot;,&quot;sizes&quot;:[]},&quot;_transform_skewY_effect_mobile&quot;:{&quot;unit&quot;:&quot;deg&quot;,&quot;size&quot;:&quot;&quot;,&quot;sizes&quot;:[]}}\" data-widget_type=\"heading.default\">\n\t\t\t\t<div class=\"elementor-widget-container\">\n\t\t\t\t\t<h2 class=\"elementor-heading-title elementor-size-default\">REFER\u00caNCIAS<\/h2>\t\t\t\t<\/div>\n\t\t\t\t<\/div>\n\t\t\t\t\t<\/div>\n\t\t<\/div>\n\t\t\t\t<div class=\"has_eae_slider elementor-column elementor-col-33 elementor-top-column elementor-element elementor-element-5c294b85\" data-id=\"5c294b85\" data-element_type=\"column\">\n\t\t\t<div class=\"elementor-widget-wrap\">\n\t\t\t\t\t\t\t<\/div>\n\t\t<\/div>\n\t\t\t\t\t<\/div>\n\t\t<\/section>\n\t\t\t\t<section class=\"has_eae_slider elementor-section elementor-top-section elementor-element elementor-element-60402b2e elementor-section-boxed elementor-section-height-default elementor-section-height-default\" data-id=\"60402b2e\" data-element_type=\"section\">\n\t\t\t\t\t\t<div class=\"elementor-container elementor-column-gap-default\">\n\t\t\t\t\t<div class=\"has_eae_slider elementor-column elementor-col-100 elementor-top-column elementor-element elementor-element-7b2049aa\" data-id=\"7b2049aa\" data-element_type=\"column\">\n\t\t\t<div class=\"elementor-widget-wrap elementor-element-populated\">\n\t\t\t\t\t\t<div class=\"elementor-element elementor-element-16c7dbd9 elementor-widget elementor-widget-text-editor\" data-id=\"16c7dbd9\" data-element_type=\"widget\" data-widget_type=\"text-editor.default\">\n\t\t\t\t<div class=\"elementor-widget-container\">\n\t\t\t\t\t\t\t\t\t<p>BRASIL. Instituto Nacional de C\u00e2ncer. Minist\u00e9rio da Sa\u00fade. <strong>C\u00e2ncer de Intestino<\/strong>. 2021. Dispon\u00edvel em: https:\/\/www.inca.gov.br\/tipos-de-cancer\/cancer-de-intestino. Acesso em: 16 mar. 2021.<\/p><p>\u00a0<\/p><p>GUAN, Zhi-Wei; YU, En-Ze; FENG, Qiang. Soluble Dietary Fiber, One of the Most Important Nutrients for the Gut Microbiota. <strong>Molecules<\/strong>. China, p. 1-15. 11 nov. 2021. Dispon\u00edvel em: https:\/\/www.mdpi.com\/1420-3049\/26\/22\/6802\/htm. Acesso em: 16 mar. 2022.<\/p><p>\u00a0<\/p><p>DEEHAN, Edward C et al. Precision Microbiome Modulation with Discrete Dietary Fiber Structures Directs Short-Chain Fatty Acid Production. <strong>Cell Host Microbe<\/strong>. Canad\u00e1, p. 389-404. mar. 2020. Dispon\u00edvel em: https:\/\/pubmed.ncbi.nlm.nih.gov\/32004499\/. Acesso em: 16 mar. 2022.<\/p><p>\u00a0<\/p><p>EVANS, Charlotte Elizabeth Louise. Dietary fibre and cardiovascular health: a review of current evidence and policy. <strong>Proceedings Of The Nutrition Society<\/strong>. Reino Unido, p. 61-67. 3 jul. 2019. Dispon\u00edvel em: https:\/\/www.cambridge.org\/core\/journals\/proceedings-of-the-nutrition-society\/article\/dietary-fibre-and-cardiovascular-health-a-review-of-current-evidence-and-policy\/D32A613205AE6F23509F2381379131F8. Acesso em: 16 mar. 2022.<\/p>\t\t\t\t\t\t\t\t<\/div>\n\t\t\t\t<\/div>\n\t\t\t\t\t<\/div>\n\t\t<\/div>\n\t\t\t\t\t<\/div>\n\t\t<\/section>\n\t\t\t\t<\/div>\n\t\t","protected":false},"excerpt":{"rendered":"<p>A fibra alimentar auxilia no aumento do volume das fezes e a frequ\u00eancia dos movimentos intestinais. A aveia, por exemplo, \u00e9 um alimento com alto teor de fibra sol\u00favel denominada beta-glucana, a qual permite que as fezes absorvam \u00e1gua, formem solu\u00e7\u00f5es viscosas e melhorem a consist\u00eancia; contribuindo para preven\u00e7\u00e3o da constipa\u00e7\u00e3o e de outras doen\u00e7as [&hellip;]<\/p>\n","protected":false},"author":2,"featured_media":9691,"comment_status":"closed","ping_status":"closed","sticky":false,"template":"","format":"standard","meta":{"footnotes":""},"categories":[172,174],"tags":[189],"class_list":["post-9683","post","type-post","status-publish","format-standard","has-post-thumbnail","hentry","category-nutricao-clinica","category-nutricao-estetica","tag-fibra-soluvel-beta-glucana-intestino-microbiota-microbioma-cancer-colorretal-cancer-de-colon-e-reto-fibra-insoluvel-saude-intestinal-imunidade"],"yoast_head":"<!-- This site is optimized with the Yoast SEO plugin v25.0 - https:\/\/yoast.com\/wordpress\/plugins\/seo\/ -->\n<title>A sinergia da fibra alimentar no intestino e seu impacto na sa\u00fade humana. - Portal Jasmine Pro<\/title>\n<meta name=\"description\" content=\"Saiba como incluir a aveia no plano alimentar de seu paciente com restri\u00e7\u00e3o ao gl\u00faten sem oferecer riscos \u00e0 sa\u00fade.\" \/>\n<meta name=\"robots\" content=\"index, follow, max-snippet:-1, max-image-preview:large, max-video-preview:-1\" \/>\n<link rel=\"canonical\" href=\"https:\/\/jasminealimentos.com\/pro\/a-sinergia-da-fibra-alimentar-no-intestino-e-seu-impacto-na-saude-humana\/\" \/>\n<meta property=\"og:locale\" content=\"pt_BR\" \/>\n<meta property=\"og:type\" content=\"article\" \/>\n<meta property=\"og:title\" content=\"A sinergia da fibra alimentar no intestino e seu impacto na sa\u00fade humana. - Portal Jasmine Pro\" \/>\n<meta property=\"og:description\" content=\"Saiba como incluir a aveia no plano alimentar de seu paciente com restri\u00e7\u00e3o ao gl\u00faten sem oferecer riscos \u00e0 sa\u00fade.\" \/>\n<meta property=\"og:url\" content=\"https:\/\/jasminealimentos.com\/pro\/a-sinergia-da-fibra-alimentar-no-intestino-e-seu-impacto-na-saude-humana\/\" \/>\n<meta property=\"og:site_name\" content=\"Portal Jasmine Pro\" \/>\n<meta property=\"article:published_time\" content=\"2022-05-11T19:16:20+00:00\" \/>\n<meta property=\"article:modified_time\" content=\"2022-06-02T17:26:21+00:00\" \/>\n<meta property=\"og:image\" content=\"https:\/\/jasminealimentos.com\/pro\/wp-content\/uploads\/2022\/05\/banner-08-scaled.jpg\" \/>\n\t<meta property=\"og:image:width\" content=\"2000\" \/>\n\t<meta property=\"og:image:height\" content=\"477\" \/>\n\t<meta property=\"og:image:type\" content=\"image\/jpeg\" \/>\n<meta name=\"author\" content=\"Dev E4\" \/>\n<meta name=\"twitter:card\" content=\"summary_large_image\" \/>\n<meta name=\"twitter:label1\" content=\"Escrito por\" \/>\n\t<meta name=\"twitter:data1\" content=\"Dev E4\" \/>\n\t<meta name=\"twitter:label2\" content=\"Est. tempo de leitura\" \/>\n\t<meta name=\"twitter:data2\" content=\"5 minutos\" \/>\n<script type=\"application\/ld+json\" class=\"yoast-schema-graph\">{\"@context\":\"https:\/\/schema.org\",\"@graph\":[{\"@type\":\"Article\",\"@id\":\"https:\/\/jasminealimentos.com\/pro\/a-sinergia-da-fibra-alimentar-no-intestino-e-seu-impacto-na-saude-humana\/#article\",\"isPartOf\":{\"@id\":\"https:\/\/jasminealimentos.com\/pro\/a-sinergia-da-fibra-alimentar-no-intestino-e-seu-impacto-na-saude-humana\/\"},\"author\":{\"name\":\"Dev E4\",\"@id\":\"https:\/\/jasminealimentos.com\/pro\/#\/schema\/person\/2d87d46bfa863e16081e6ba4123ee868\"},\"headline\":\"A sinergia da fibra alimentar no intestino e seu impacto na sa\u00fade humana.\",\"datePublished\":\"2022-05-11T19:16:20+00:00\",\"dateModified\":\"2022-06-02T17:26:21+00:00\",\"mainEntityOfPage\":{\"@id\":\"https:\/\/jasminealimentos.com\/pro\/a-sinergia-da-fibra-alimentar-no-intestino-e-seu-impacto-na-saude-humana\/\"},\"wordCount\":822,\"publisher\":{\"@id\":\"https:\/\/jasminealimentos.com\/pro\/#organization\"},\"image\":{\"@id\":\"https:\/\/jasminealimentos.com\/pro\/a-sinergia-da-fibra-alimentar-no-intestino-e-seu-impacto-na-saude-humana\/#primaryimage\"},\"thumbnailUrl\":\"https:\/\/jasminealimentos.com\/pro\/wp-content\/uploads\/2022\/05\/banner-08-scaled.jpg\",\"keywords\":[\"fibra sol\u00favel; beta-glucana; intestino; microbiota; microbioma; c\u00e2ncer colorretal; c\u00e2ncer de c\u00f3lon e reto; fibra insol\u00favel; sa\u00fade intestinal; imunidade\"],\"articleSection\":[\"Nutri\u00e7\u00e3o Cl\u00ednica\",\"Nutri\u00e7\u00e3o Est\u00e9tica\"],\"inLanguage\":\"pt-BR\"},{\"@type\":\"WebPage\",\"@id\":\"https:\/\/jasminealimentos.com\/pro\/a-sinergia-da-fibra-alimentar-no-intestino-e-seu-impacto-na-saude-humana\/\",\"url\":\"https:\/\/jasminealimentos.com\/pro\/a-sinergia-da-fibra-alimentar-no-intestino-e-seu-impacto-na-saude-humana\/\",\"name\":\"A sinergia da fibra alimentar no intestino e seu impacto na sa\u00fade humana. - Portal Jasmine Pro\",\"isPartOf\":{\"@id\":\"https:\/\/jasminealimentos.com\/pro\/#website\"},\"primaryImageOfPage\":{\"@id\":\"https:\/\/jasminealimentos.com\/pro\/a-sinergia-da-fibra-alimentar-no-intestino-e-seu-impacto-na-saude-humana\/#primaryimage\"},\"image\":{\"@id\":\"https:\/\/jasminealimentos.com\/pro\/a-sinergia-da-fibra-alimentar-no-intestino-e-seu-impacto-na-saude-humana\/#primaryimage\"},\"thumbnailUrl\":\"https:\/\/jasminealimentos.com\/pro\/wp-content\/uploads\/2022\/05\/banner-08-scaled.jpg\",\"datePublished\":\"2022-05-11T19:16:20+00:00\",\"dateModified\":\"2022-06-02T17:26:21+00:00\",\"description\":\"Saiba como incluir a aveia no plano alimentar de seu paciente com restri\u00e7\u00e3o ao gl\u00faten sem oferecer riscos \u00e0 sa\u00fade.\",\"breadcrumb\":{\"@id\":\"https:\/\/jasminealimentos.com\/pro\/a-sinergia-da-fibra-alimentar-no-intestino-e-seu-impacto-na-saude-humana\/#breadcrumb\"},\"inLanguage\":\"pt-BR\",\"potentialAction\":[{\"@type\":\"ReadAction\",\"target\":[\"https:\/\/jasminealimentos.com\/pro\/a-sinergia-da-fibra-alimentar-no-intestino-e-seu-impacto-na-saude-humana\/\"]}]},{\"@type\":\"ImageObject\",\"inLanguage\":\"pt-BR\",\"@id\":\"https:\/\/jasminealimentos.com\/pro\/a-sinergia-da-fibra-alimentar-no-intestino-e-seu-impacto-na-saude-humana\/#primaryimage\",\"url\":\"https:\/\/jasminealimentos.com\/pro\/wp-content\/uploads\/2022\/05\/banner-08-scaled.jpg\",\"contentUrl\":\"https:\/\/jasminealimentos.com\/pro\/wp-content\/uploads\/2022\/05\/banner-08-scaled.jpg\",\"width\":2000,\"height\":477},{\"@type\":\"BreadcrumbList\",\"@id\":\"https:\/\/jasminealimentos.com\/pro\/a-sinergia-da-fibra-alimentar-no-intestino-e-seu-impacto-na-saude-humana\/#breadcrumb\",\"itemListElement\":[{\"@type\":\"ListItem\",\"position\":1,\"name\":\"In\u00edcio\",\"item\":\"https:\/\/jasminealimentos.com\/pro\/\"},{\"@type\":\"ListItem\",\"position\":2,\"name\":\"A sinergia da fibra alimentar no intestino e seu impacto na sa\u00fade humana.\"}]},{\"@type\":\"WebSite\",\"@id\":\"https:\/\/jasminealimentos.com\/pro\/#website\",\"url\":\"https:\/\/jasminealimentos.com\/pro\/\",\"name\":\"Portal Jasmine Pro\",\"description\":\"Novo Portal Cient\u00edfico\",\"publisher\":{\"@id\":\"https:\/\/jasminealimentos.com\/pro\/#organization\"},\"potentialAction\":[{\"@type\":\"SearchAction\",\"target\":{\"@type\":\"EntryPoint\",\"urlTemplate\":\"https:\/\/jasminealimentos.com\/pro\/?s={search_term_string}\"},\"query-input\":{\"@type\":\"PropertyValueSpecification\",\"valueRequired\":true,\"valueName\":\"search_term_string\"}}],\"inLanguage\":\"pt-BR\"},{\"@type\":\"Organization\",\"@id\":\"https:\/\/jasminealimentos.com\/pro\/#organization\",\"name\":\"Portal Jasmine Pro\",\"url\":\"https:\/\/jasminealimentos.com\/pro\/\",\"logo\":{\"@type\":\"ImageObject\",\"inLanguage\":\"pt-BR\",\"@id\":\"https:\/\/jasminealimentos.com\/pro\/#\/schema\/logo\/image\/\",\"url\":\"https:\/\/jasminealimentos.com\/pro\/wp-content\/uploads\/2021\/05\/Grupo-3.png\",\"contentUrl\":\"https:\/\/jasminealimentos.com\/pro\/wp-content\/uploads\/2021\/05\/Grupo-3.png\",\"width\":178,\"height\":47,\"caption\":\"Portal Jasmine Pro\"},\"image\":{\"@id\":\"https:\/\/jasminealimentos.com\/pro\/#\/schema\/logo\/image\/\"}},{\"@type\":\"Person\",\"@id\":\"https:\/\/jasminealimentos.com\/pro\/#\/schema\/person\/2d87d46bfa863e16081e6ba4123ee868\",\"name\":\"Dev E4\",\"image\":{\"@type\":\"ImageObject\",\"inLanguage\":\"pt-BR\",\"@id\":\"https:\/\/jasminealimentos.com\/pro\/#\/schema\/person\/image\/\",\"url\":\"https:\/\/secure.gravatar.com\/avatar\/b53a89910a6fba0689dc7336d1c909e938961e3a7350bb7094ea1426862c95e2?s=96&d=mm&r=g\",\"contentUrl\":\"https:\/\/secure.gravatar.com\/avatar\/b53a89910a6fba0689dc7336d1c909e938961e3a7350bb7094ea1426862c95e2?s=96&d=mm&r=g\",\"caption\":\"Dev E4\"},\"url\":\"https:\/\/jasminealimentos.com\/pro\/author\/dev-e4\/\"}]}<\/script>\n<!-- \/ Yoast SEO plugin. -->","yoast_head_json":{"title":"A sinergia da fibra alimentar no intestino e seu impacto na sa\u00fade humana. - Portal Jasmine Pro","description":"Saiba como incluir a aveia no plano alimentar de seu paciente com restri\u00e7\u00e3o ao gl\u00faten sem oferecer riscos \u00e0 sa\u00fade.","robots":{"index":"index","follow":"follow","max-snippet":"max-snippet:-1","max-image-preview":"max-image-preview:large","max-video-preview":"max-video-preview:-1"},"canonical":"https:\/\/jasminealimentos.com\/pro\/a-sinergia-da-fibra-alimentar-no-intestino-e-seu-impacto-na-saude-humana\/","og_locale":"pt_BR","og_type":"article","og_title":"A sinergia da fibra alimentar no intestino e seu impacto na sa\u00fade humana. - Portal Jasmine Pro","og_description":"Saiba como incluir a aveia no plano alimentar de seu paciente com restri\u00e7\u00e3o ao gl\u00faten sem oferecer riscos \u00e0 sa\u00fade.","og_url":"https:\/\/jasminealimentos.com\/pro\/a-sinergia-da-fibra-alimentar-no-intestino-e-seu-impacto-na-saude-humana\/","og_site_name":"Portal Jasmine Pro","article_published_time":"2022-05-11T19:16:20+00:00","article_modified_time":"2022-06-02T17:26:21+00:00","og_image":[{"width":2000,"height":477,"url":"https:\/\/jasminealimentos.com\/pro\/wp-content\/uploads\/2022\/05\/banner-08-scaled.jpg","type":"image\/jpeg"}],"author":"Dev E4","twitter_card":"summary_large_image","twitter_misc":{"Escrito por":"Dev E4","Est. tempo de leitura":"5 minutos"},"schema":{"@context":"https:\/\/schema.org","@graph":[{"@type":"Article","@id":"https:\/\/jasminealimentos.com\/pro\/a-sinergia-da-fibra-alimentar-no-intestino-e-seu-impacto-na-saude-humana\/#article","isPartOf":{"@id":"https:\/\/jasminealimentos.com\/pro\/a-sinergia-da-fibra-alimentar-no-intestino-e-seu-impacto-na-saude-humana\/"},"author":{"name":"Dev E4","@id":"https:\/\/jasminealimentos.com\/pro\/#\/schema\/person\/2d87d46bfa863e16081e6ba4123ee868"},"headline":"A sinergia da fibra alimentar no intestino e seu impacto na sa\u00fade humana.","datePublished":"2022-05-11T19:16:20+00:00","dateModified":"2022-06-02T17:26:21+00:00","mainEntityOfPage":{"@id":"https:\/\/jasminealimentos.com\/pro\/a-sinergia-da-fibra-alimentar-no-intestino-e-seu-impacto-na-saude-humana\/"},"wordCount":822,"publisher":{"@id":"https:\/\/jasminealimentos.com\/pro\/#organization"},"image":{"@id":"https:\/\/jasminealimentos.com\/pro\/a-sinergia-da-fibra-alimentar-no-intestino-e-seu-impacto-na-saude-humana\/#primaryimage"},"thumbnailUrl":"https:\/\/jasminealimentos.com\/pro\/wp-content\/uploads\/2022\/05\/banner-08-scaled.jpg","keywords":["fibra sol\u00favel; beta-glucana; intestino; microbiota; microbioma; c\u00e2ncer colorretal; c\u00e2ncer de c\u00f3lon e reto; fibra insol\u00favel; sa\u00fade intestinal; imunidade"],"articleSection":["Nutri\u00e7\u00e3o Cl\u00ednica","Nutri\u00e7\u00e3o Est\u00e9tica"],"inLanguage":"pt-BR"},{"@type":"WebPage","@id":"https:\/\/jasminealimentos.com\/pro\/a-sinergia-da-fibra-alimentar-no-intestino-e-seu-impacto-na-saude-humana\/","url":"https:\/\/jasminealimentos.com\/pro\/a-sinergia-da-fibra-alimentar-no-intestino-e-seu-impacto-na-saude-humana\/","name":"A sinergia da fibra alimentar no intestino e seu impacto na sa\u00fade humana. - Portal Jasmine Pro","isPartOf":{"@id":"https:\/\/jasminealimentos.com\/pro\/#website"},"primaryImageOfPage":{"@id":"https:\/\/jasminealimentos.com\/pro\/a-sinergia-da-fibra-alimentar-no-intestino-e-seu-impacto-na-saude-humana\/#primaryimage"},"image":{"@id":"https:\/\/jasminealimentos.com\/pro\/a-sinergia-da-fibra-alimentar-no-intestino-e-seu-impacto-na-saude-humana\/#primaryimage"},"thumbnailUrl":"https:\/\/jasminealimentos.com\/pro\/wp-content\/uploads\/2022\/05\/banner-08-scaled.jpg","datePublished":"2022-05-11T19:16:20+00:00","dateModified":"2022-06-02T17:26:21+00:00","description":"Saiba como incluir a aveia no plano alimentar de seu paciente com restri\u00e7\u00e3o ao gl\u00faten sem oferecer riscos \u00e0 sa\u00fade.","breadcrumb":{"@id":"https:\/\/jasminealimentos.com\/pro\/a-sinergia-da-fibra-alimentar-no-intestino-e-seu-impacto-na-saude-humana\/#breadcrumb"},"inLanguage":"pt-BR","potentialAction":[{"@type":"ReadAction","target":["https:\/\/jasminealimentos.com\/pro\/a-sinergia-da-fibra-alimentar-no-intestino-e-seu-impacto-na-saude-humana\/"]}]},{"@type":"ImageObject","inLanguage":"pt-BR","@id":"https:\/\/jasminealimentos.com\/pro\/a-sinergia-da-fibra-alimentar-no-intestino-e-seu-impacto-na-saude-humana\/#primaryimage","url":"https:\/\/jasminealimentos.com\/pro\/wp-content\/uploads\/2022\/05\/banner-08-scaled.jpg","contentUrl":"https:\/\/jasminealimentos.com\/pro\/wp-content\/uploads\/2022\/05\/banner-08-scaled.jpg","width":2000,"height":477},{"@type":"BreadcrumbList","@id":"https:\/\/jasminealimentos.com\/pro\/a-sinergia-da-fibra-alimentar-no-intestino-e-seu-impacto-na-saude-humana\/#breadcrumb","itemListElement":[{"@type":"ListItem","position":1,"name":"In\u00edcio","item":"https:\/\/jasminealimentos.com\/pro\/"},{"@type":"ListItem","position":2,"name":"A sinergia da fibra alimentar no intestino e seu impacto na sa\u00fade humana."}]},{"@type":"WebSite","@id":"https:\/\/jasminealimentos.com\/pro\/#website","url":"https:\/\/jasminealimentos.com\/pro\/","name":"Portal Jasmine Pro","description":"Novo Portal Cient\u00edfico","publisher":{"@id":"https:\/\/jasminealimentos.com\/pro\/#organization"},"potentialAction":[{"@type":"SearchAction","target":{"@type":"EntryPoint","urlTemplate":"https:\/\/jasminealimentos.com\/pro\/?s={search_term_string}"},"query-input":{"@type":"PropertyValueSpecification","valueRequired":true,"valueName":"search_term_string"}}],"inLanguage":"pt-BR"},{"@type":"Organization","@id":"https:\/\/jasminealimentos.com\/pro\/#organization","name":"Portal Jasmine Pro","url":"https:\/\/jasminealimentos.com\/pro\/","logo":{"@type":"ImageObject","inLanguage":"pt-BR","@id":"https:\/\/jasminealimentos.com\/pro\/#\/schema\/logo\/image\/","url":"https:\/\/jasminealimentos.com\/pro\/wp-content\/uploads\/2021\/05\/Grupo-3.png","contentUrl":"https:\/\/jasminealimentos.com\/pro\/wp-content\/uploads\/2021\/05\/Grupo-3.png","width":178,"height":47,"caption":"Portal Jasmine Pro"},"image":{"@id":"https:\/\/jasminealimentos.com\/pro\/#\/schema\/logo\/image\/"}},{"@type":"Person","@id":"https:\/\/jasminealimentos.com\/pro\/#\/schema\/person\/2d87d46bfa863e16081e6ba4123ee868","name":"Dev E4","image":{"@type":"ImageObject","inLanguage":"pt-BR","@id":"https:\/\/jasminealimentos.com\/pro\/#\/schema\/person\/image\/","url":"https:\/\/secure.gravatar.com\/avatar\/b53a89910a6fba0689dc7336d1c909e938961e3a7350bb7094ea1426862c95e2?s=96&d=mm&r=g","contentUrl":"https:\/\/secure.gravatar.com\/avatar\/b53a89910a6fba0689dc7336d1c909e938961e3a7350bb7094ea1426862c95e2?s=96&d=mm&r=g","caption":"Dev E4"},"url":"https:\/\/jasminealimentos.com\/pro\/author\/dev-e4\/"}]}},"_links":{"self":[{"href":"https:\/\/jasminealimentos.com\/pro\/wp-json\/wp\/v2\/posts\/9683","targetHints":{"allow":["GET"]}}],"collection":[{"href":"https:\/\/jasminealimentos.com\/pro\/wp-json\/wp\/v2\/posts"}],"about":[{"href":"https:\/\/jasminealimentos.com\/pro\/wp-json\/wp\/v2\/types\/post"}],"author":[{"embeddable":true,"href":"https:\/\/jasminealimentos.com\/pro\/wp-json\/wp\/v2\/users\/2"}],"replies":[{"embeddable":true,"href":"https:\/\/jasminealimentos.com\/pro\/wp-json\/wp\/v2\/comments?post=9683"}],"version-history":[{"count":0,"href":"https:\/\/jasminealimentos.com\/pro\/wp-json\/wp\/v2\/posts\/9683\/revisions"}],"wp:featuredmedia":[{"embeddable":true,"href":"https:\/\/jasminealimentos.com\/pro\/wp-json\/wp\/v2\/media\/9691"}],"wp:attachment":[{"href":"https:\/\/jasminealimentos.com\/pro\/wp-json\/wp\/v2\/media?parent=9683"}],"wp:term":[{"taxonomy":"category","embeddable":true,"href":"https:\/\/jasminealimentos.com\/pro\/wp-json\/wp\/v2\/categories?post=9683"},{"taxonomy":"post_tag","embeddable":true,"href":"https:\/\/jasminealimentos.com\/pro\/wp-json\/wp\/v2\/tags?post=9683"}],"curies":[{"name":"wp","href":"https:\/\/api.w.org\/{rel}","templated":true}]}}